{"id":3956,"date":"2021-04-12T11:50:13","date_gmt":"2021-04-12T09:50:13","guid":{"rendered":"https:\/\/pressfile.de\/florian-fischer-is-new-pressfile-managing-director\/"},"modified":"2022-12-06T09:39:37","modified_gmt":"2022-12-06T08:39:37","slug":"florian-fischer-is-new-pressfile-managing-director","status":"publish","type":"post","link":"https:\/\/pressfile.de\/en\/florian-fischer-is-new-pressfile-managing-director\/","title":{"rendered":"Florian Fischer is new PressFile Managing Director"},"content":{"rendered":"\n<p>Already since the foundation of PressFile Europe GmbH in 2009, Florian Fischer (42) was responsible for the sales of the PR software PressFile and was the central contact person for all customers. In March, he has now joined the management of PressFile Europe GmbH. In the future, he will be responsible for the company&#8217;s operating business. The company&#8217;s founder, Uwe Pagel (59), will remain Managing Director, but intends to focus more on strategic alignment in the future. &#8220;Florian Fischer knows our PR software like no other. He has also ensured that we are consistently geared to the needs of our customers: Anyone who has a problem gets an answer and the solution immediately, as quickly as possible,&#8221; explains Uwe Pagel. The handover of tasks will take place gradually over the coming months. &#8220;In doing so, we have also initiated a generational change that will secure the future of our company,&#8221; emphasizes Uwe Pagel.<\/p>\n\n<p>Florian Fischer, a trained communications electronics technician, started his career in customer support for a manufacturer of EC and credit card terminals, where he was responsible for both first and second level support. In 2007, he joined climate protection specialist ClimatePartner as a consultant. From 2009 on, he accompanied the development of PressFile Europe GmbH, which today is one of the leading providers of PR software in Germany, Austria and Switzerland. Users of the solution, which was originally developed for the New York Public Library, include the press departments of companies such as Rossmann Drogeriem\u00e4rkte, Trianel, Ziehl-Abegg and Dr. Babor. But also numerous PR agencies of very different sizes use the cloud-based PR software PressFile for their distribution, contact, dispatch and clipping management.  <\/p>\n","protected":false},"excerpt":{"rendered":"<p>Already since the foundation of PressFile Europe GmbH in 2009, Florian Fischer (42) was responsible for the sales of the PR software PressFile and was the central contact person for all customers. In March, he has now joined the management of PressFile Europe GmbH. In the future, he will be responsible for the company&#8217;s operating [&hellip;]<\/p>\n","protected":false},"author":2,"featured_media":3577,"comment_status":"closed","ping_status":"closed","sticky":false,"template":"","format":"standard","meta":{"_et_pb_use_builder":"off","_et_pb_old_content":"","_et_gb_content_width":"","footnotes":""},"categories":[1305],"tags":[],"class_list":["post-3956","post","type-post","status-publish","format-standard","has-post-thumbnail","hentry","category-pressfile-news"],"yoast_head":"<!-- This site is optimized with the Yoast SEO Premium plugin v27.5 (Yoast SEO v27.5) - https:\/\/yoast.com\/product\/yoast-seo-premium-wordpress\/ -->\n<title>Florian Fischer is new PressFile Managing Director - PRESSFILE<\/title>\n<meta name=\"robots\" content=\"index, follow, max-snippet:-1, max-image-preview:large, max-video-preview:-1\" \/>\n<link rel=\"canonical\" href=\"https:\/\/pressfile.de\/en\/florian-fischer-is-new-pressfile-managing-director\/\" \/>\n<meta property=\"og:locale\" content=\"en_US\" \/>\n<meta property=\"og:type\" content=\"article\" \/>\n<meta property=\"og:title\" content=\"Florian Fischer is new PressFile Managing Director\" \/>\n<meta property=\"og:description\" content=\"Already since the foundation of PressFile Europe GmbH in 2009, Florian Fischer (42) was responsible for the sales of the PR software PressFile and was the central contact person for all customers. In March, he has now joined the management of PressFile Europe GmbH. In the future, he will be responsible for the company&#8217;s operating [&hellip;]\" \/>\n<meta property=\"og:url\" content=\"https:\/\/pressfile.de\/en\/florian-fischer-is-new-pressfile-managing-director\/\" \/>\n<meta property=\"og:site_name\" content=\"PRESSFILE\" \/>\n<meta property=\"article:publisher\" content=\"https:\/\/www.facebook.com\/PressFile\/\" \/>\n<meta property=\"article:published_time\" content=\"2021-04-12T09:50:13+00:00\" \/>\n<meta property=\"article:modified_time\" content=\"2022-12-06T08:39:37+00:00\" \/>\n<meta property=\"og:image\" content=\"https:\/\/pressfile.de\/wp-content\/uploads\/2021\/03\/florian_fischer_pressfile_dianamuehlberger_1.jpg\" \/>\n\t<meta property=\"og:image:width\" content=\"2500\" \/>\n\t<meta property=\"og:image:height\" content=\"1667\" \/>\n\t<meta property=\"og:image:type\" content=\"image\/jpeg\" \/>\n<meta name=\"author\" content=\"Uwe Pagel\" \/>\n<meta name=\"twitter:card\" content=\"summary_large_image\" \/>\n<meta name=\"twitter:label1\" content=\"Written by\" \/>\n\t<meta name=\"twitter:data1\" content=\"Uwe Pagel\" \/>\n\t<meta name=\"twitter:label2\" content=\"Est. reading time\" \/>\n\t<meta name=\"twitter:data2\" content=\"1 minute\" \/>\n<script type=\"application\/ld+json\" class=\"yoast-schema-graph\">{\"@context\":\"https:\\\/\\\/schema.org\",\"@graph\":[{\"@type\":\"Article\",\"@id\":\"https:\\\/\\\/pressfile.de\\\/en\\\/florian-fischer-is-new-pressfile-managing-director\\\/#article\",\"isPartOf\":{\"@id\":\"https:\\\/\\\/pressfile.de\\\/en\\\/florian-fischer-is-new-pressfile-managing-director\\\/\"},\"author\":{\"name\":\"Uwe Pagel\",\"@id\":\"https:\\\/\\\/pressfile.de\\\/en\\\/#\\\/schema\\\/person\\\/412fd3b53dcdd1db64a39aadbb6fdb9f\"},\"headline\":\"Florian Fischer is new PressFile Managing Director\",\"datePublished\":\"2021-04-12T09:50:13+00:00\",\"dateModified\":\"2022-12-06T08:39:37+00:00\",\"mainEntityOfPage\":{\"@id\":\"https:\\\/\\\/pressfile.de\\\/en\\\/florian-fischer-is-new-pressfile-managing-director\\\/\"},\"wordCount\":281,\"publisher\":{\"@id\":\"https:\\\/\\\/pressfile.de\\\/en\\\/#organization\"},\"image\":{\"@id\":\"https:\\\/\\\/pressfile.de\\\/en\\\/florian-fischer-is-new-pressfile-managing-director\\\/#primaryimage\"},\"thumbnailUrl\":\"https:\\\/\\\/pressfile.de\\\/wp-content\\\/uploads\\\/2021\\\/03\\\/florian_fischer_pressfile_dianamuehlberger_1.jpg\",\"articleSection\":[\"PressFile News\"],\"inLanguage\":\"en-US\"},{\"@type\":\"WebPage\",\"@id\":\"https:\\\/\\\/pressfile.de\\\/en\\\/florian-fischer-is-new-pressfile-managing-director\\\/\",\"url\":\"https:\\\/\\\/pressfile.de\\\/en\\\/florian-fischer-is-new-pressfile-managing-director\\\/\",\"name\":\"Florian Fischer is new PressFile Managing Director - PRESSFILE\",\"isPartOf\":{\"@id\":\"https:\\\/\\\/pressfile.de\\\/en\\\/#website\"},\"primaryImageOfPage\":{\"@id\":\"https:\\\/\\\/pressfile.de\\\/en\\\/florian-fischer-is-new-pressfile-managing-director\\\/#primaryimage\"},\"image\":{\"@id\":\"https:\\\/\\\/pressfile.de\\\/en\\\/florian-fischer-is-new-pressfile-managing-director\\\/#primaryimage\"},\"thumbnailUrl\":\"https:\\\/\\\/pressfile.de\\\/wp-content\\\/uploads\\\/2021\\\/03\\\/florian_fischer_pressfile_dianamuehlberger_1.jpg\",\"datePublished\":\"2021-04-12T09:50:13+00:00\",\"dateModified\":\"2022-12-06T08:39:37+00:00\",\"breadcrumb\":{\"@id\":\"https:\\\/\\\/pressfile.de\\\/en\\\/florian-fischer-is-new-pressfile-managing-director\\\/#breadcrumb\"},\"inLanguage\":\"en-US\",\"potentialAction\":[{\"@type\":\"ReadAction\",\"target\":[\"https:\\\/\\\/pressfile.de\\\/en\\\/florian-fischer-is-new-pressfile-managing-director\\\/\"]}]},{\"@type\":\"ImageObject\",\"inLanguage\":\"en-US\",\"@id\":\"https:\\\/\\\/pressfile.de\\\/en\\\/florian-fischer-is-new-pressfile-managing-director\\\/#primaryimage\",\"url\":\"https:\\\/\\\/pressfile.de\\\/wp-content\\\/uploads\\\/2021\\\/03\\\/florian_fischer_pressfile_dianamuehlberger_1.jpg\",\"contentUrl\":\"https:\\\/\\\/pressfile.de\\\/wp-content\\\/uploads\\\/2021\\\/03\\\/florian_fischer_pressfile_dianamuehlberger_1.jpg\",\"width\":2500,\"height\":1667},{\"@type\":\"BreadcrumbList\",\"@id\":\"https:\\\/\\\/pressfile.de\\\/en\\\/florian-fischer-is-new-pressfile-managing-director\\\/#breadcrumb\",\"itemListElement\":[{\"@type\":\"ListItem\",\"position\":1,\"name\":\"Startseite\",\"item\":\"https:\\\/\\\/pressfile.de\\\/en\\\/\"},{\"@type\":\"ListItem\",\"position\":2,\"name\":\"Florian Fischer is new PressFile Managing Director\"}]},{\"@type\":\"WebSite\",\"@id\":\"https:\\\/\\\/pressfile.de\\\/en\\\/#website\",\"url\":\"https:\\\/\\\/pressfile.de\\\/en\\\/\",\"name\":\"PRESSFILE\",\"description\":\"Die wohl einfachste PR-Software der Welt\",\"publisher\":{\"@id\":\"https:\\\/\\\/pressfile.de\\\/en\\\/#organization\"},\"potentialAction\":[{\"@type\":\"SearchAction\",\"target\":{\"@type\":\"EntryPoint\",\"urlTemplate\":\"https:\\\/\\\/pressfile.de\\\/en\\\/?s={search_term_string}\"},\"query-input\":{\"@type\":\"PropertyValueSpecification\",\"valueRequired\":true,\"valueName\":\"search_term_string\"}}],\"inLanguage\":\"en-US\"},{\"@type\":\"Organization\",\"@id\":\"https:\\\/\\\/pressfile.de\\\/en\\\/#organization\",\"name\":\"PressFile\",\"url\":\"https:\\\/\\\/pressfile.de\\\/en\\\/\",\"logo\":{\"@type\":\"ImageObject\",\"inLanguage\":\"en-US\",\"@id\":\"https:\\\/\\\/pressfile.de\\\/en\\\/#\\\/schema\\\/logo\\\/image\\\/\",\"url\":\"https:\\\/\\\/pressfile.de\\\/wp-content\\\/uploads\\\/2022\\\/09\\\/PressFile_logo_07_2022_positiv_rz.png\",\"contentUrl\":\"https:\\\/\\\/pressfile.de\\\/wp-content\\\/uploads\\\/2022\\\/09\\\/PressFile_logo_07_2022_positiv_rz.png\",\"width\":2042,\"height\":808,\"caption\":\"PressFile\"},\"image\":{\"@id\":\"https:\\\/\\\/pressfile.de\\\/en\\\/#\\\/schema\\\/logo\\\/image\\\/\"},\"sameAs\":[\"https:\\\/\\\/www.facebook.com\\\/PressFile\\\/\",\"https:\\\/\\\/www.linkedin.com\\\/company\\\/pressfile-europe-gmbh\"]},{\"@type\":\"Person\",\"@id\":\"https:\\\/\\\/pressfile.de\\\/en\\\/#\\\/schema\\\/person\\\/412fd3b53dcdd1db64a39aadbb6fdb9f\",\"name\":\"Uwe Pagel\",\"description\":\"Uwe Pagel ist Gesch\u00e4ftsf\u00fchrer der PressFile Europe GmbH. Er startete seine Karriere zun\u00e4chst als Journalist, wurde dann verantwortlich f\u00fcr die Unternehmenskommunikation eines Softwareherstellers und gr\u00fcndete 2001 die PR-Agentur Press'n'Relations. Im gleichen Jahr wurde er zum Anwender der PR-Software PressFile, deren webbasierte Version seit 2009 von PressFile Europe vermarktet und weiterentwickelt wird.\",\"sameAs\":[\"https:\\\/\\\/pressfile.de\"]}]}<\/script>\n<!-- \/ Yoast SEO Premium plugin. -->","yoast_head_json":{"title":"Florian Fischer is new PressFile Managing Director - PRESSFILE","robots":{"index":"index","follow":"follow","max-snippet":"max-snippet:-1","max-image-preview":"max-image-preview:large","max-video-preview":"max-video-preview:-1"},"canonical":"https:\/\/pressfile.de\/en\/florian-fischer-is-new-pressfile-managing-director\/","og_locale":"en_US","og_type":"article","og_title":"Florian Fischer is new PressFile Managing Director","og_description":"Already since the foundation of PressFile Europe GmbH in 2009, Florian Fischer (42) was responsible for the sales of the PR software PressFile and was the central contact person for all customers. In March, he has now joined the management of PressFile Europe GmbH. In the future, he will be responsible for the company&#8217;s operating [&hellip;]","og_url":"https:\/\/pressfile.de\/en\/florian-fischer-is-new-pressfile-managing-director\/","og_site_name":"PRESSFILE","article_publisher":"https:\/\/www.facebook.com\/PressFile\/","article_published_time":"2021-04-12T09:50:13+00:00","article_modified_time":"2022-12-06T08:39:37+00:00","og_image":[{"width":2500,"height":1667,"url":"https:\/\/pressfile.de\/wp-content\/uploads\/2021\/03\/florian_fischer_pressfile_dianamuehlberger_1.jpg","type":"image\/jpeg"}],"author":"Uwe Pagel","twitter_card":"summary_large_image","twitter_misc":{"Written by":"Uwe Pagel","Est. reading time":"1 minute"},"schema":{"@context":"https:\/\/schema.org","@graph":[{"@type":"Article","@id":"https:\/\/pressfile.de\/en\/florian-fischer-is-new-pressfile-managing-director\/#article","isPartOf":{"@id":"https:\/\/pressfile.de\/en\/florian-fischer-is-new-pressfile-managing-director\/"},"author":{"name":"Uwe Pagel","@id":"https:\/\/pressfile.de\/en\/#\/schema\/person\/412fd3b53dcdd1db64a39aadbb6fdb9f"},"headline":"Florian Fischer is new PressFile Managing Director","datePublished":"2021-04-12T09:50:13+00:00","dateModified":"2022-12-06T08:39:37+00:00","mainEntityOfPage":{"@id":"https:\/\/pressfile.de\/en\/florian-fischer-is-new-pressfile-managing-director\/"},"wordCount":281,"publisher":{"@id":"https:\/\/pressfile.de\/en\/#organization"},"image":{"@id":"https:\/\/pressfile.de\/en\/florian-fischer-is-new-pressfile-managing-director\/#primaryimage"},"thumbnailUrl":"https:\/\/pressfile.de\/wp-content\/uploads\/2021\/03\/florian_fischer_pressfile_dianamuehlberger_1.jpg","articleSection":["PressFile News"],"inLanguage":"en-US"},{"@type":"WebPage","@id":"https:\/\/pressfile.de\/en\/florian-fischer-is-new-pressfile-managing-director\/","url":"https:\/\/pressfile.de\/en\/florian-fischer-is-new-pressfile-managing-director\/","name":"Florian Fischer is new PressFile Managing Director - PRESSFILE","isPartOf":{"@id":"https:\/\/pressfile.de\/en\/#website"},"primaryImageOfPage":{"@id":"https:\/\/pressfile.de\/en\/florian-fischer-is-new-pressfile-managing-director\/#primaryimage"},"image":{"@id":"https:\/\/pressfile.de\/en\/florian-fischer-is-new-pressfile-managing-director\/#primaryimage"},"thumbnailUrl":"https:\/\/pressfile.de\/wp-content\/uploads\/2021\/03\/florian_fischer_pressfile_dianamuehlberger_1.jpg","datePublished":"2021-04-12T09:50:13+00:00","dateModified":"2022-12-06T08:39:37+00:00","breadcrumb":{"@id":"https:\/\/pressfile.de\/en\/florian-fischer-is-new-pressfile-managing-director\/#breadcrumb"},"inLanguage":"en-US","potentialAction":[{"@type":"ReadAction","target":["https:\/\/pressfile.de\/en\/florian-fischer-is-new-pressfile-managing-director\/"]}]},{"@type":"ImageObject","inLanguage":"en-US","@id":"https:\/\/pressfile.de\/en\/florian-fischer-is-new-pressfile-managing-director\/#primaryimage","url":"https:\/\/pressfile.de\/wp-content\/uploads\/2021\/03\/florian_fischer_pressfile_dianamuehlberger_1.jpg","contentUrl":"https:\/\/pressfile.de\/wp-content\/uploads\/2021\/03\/florian_fischer_pressfile_dianamuehlberger_1.jpg","width":2500,"height":1667},{"@type":"BreadcrumbList","@id":"https:\/\/pressfile.de\/en\/florian-fischer-is-new-pressfile-managing-director\/#breadcrumb","itemListElement":[{"@type":"ListItem","position":1,"name":"Startseite","item":"https:\/\/pressfile.de\/en\/"},{"@type":"ListItem","position":2,"name":"Florian Fischer is new PressFile Managing Director"}]},{"@type":"WebSite","@id":"https:\/\/pressfile.de\/en\/#website","url":"https:\/\/pressfile.de\/en\/","name":"PRESSFILE","description":"Die wohl einfachste PR-Software der Welt","publisher":{"@id":"https:\/\/pressfile.de\/en\/#organization"},"potentialAction":[{"@type":"SearchAction","target":{"@type":"EntryPoint","urlTemplate":"https:\/\/pressfile.de\/en\/?s={search_term_string}"},"query-input":{"@type":"PropertyValueSpecification","valueRequired":true,"valueName":"search_term_string"}}],"inLanguage":"en-US"},{"@type":"Organization","@id":"https:\/\/pressfile.de\/en\/#organization","name":"PressFile","url":"https:\/\/pressfile.de\/en\/","logo":{"@type":"ImageObject","inLanguage":"en-US","@id":"https:\/\/pressfile.de\/en\/#\/schema\/logo\/image\/","url":"https:\/\/pressfile.de\/wp-content\/uploads\/2022\/09\/PressFile_logo_07_2022_positiv_rz.png","contentUrl":"https:\/\/pressfile.de\/wp-content\/uploads\/2022\/09\/PressFile_logo_07_2022_positiv_rz.png","width":2042,"height":808,"caption":"PressFile"},"image":{"@id":"https:\/\/pressfile.de\/en\/#\/schema\/logo\/image\/"},"sameAs":["https:\/\/www.facebook.com\/PressFile\/","https:\/\/www.linkedin.com\/company\/pressfile-europe-gmbh"]},{"@type":"Person","@id":"https:\/\/pressfile.de\/en\/#\/schema\/person\/412fd3b53dcdd1db64a39aadbb6fdb9f","name":"Uwe Pagel","description":"Uwe Pagel ist Gesch\u00e4ftsf\u00fchrer der PressFile Europe GmbH. Er startete seine Karriere zun\u00e4chst als Journalist, wurde dann verantwortlich f\u00fcr die Unternehmenskommunikation eines Softwareherstellers und gr\u00fcndete 2001 die PR-Agentur Press'n'Relations. Im gleichen Jahr wurde er zum Anwender der PR-Software PressFile, deren webbasierte Version seit 2009 von PressFile Europe vermarktet und weiterentwickelt wird.","sameAs":["https:\/\/pressfile.de"]}]}},"_links":{"self":[{"href":"https:\/\/pressfile.de\/en\/wp-json\/wp\/v2\/posts\/3956","targetHints":{"allow":["GET"]}}],"collection":[{"href":"https:\/\/pressfile.de\/en\/wp-json\/wp\/v2\/posts"}],"about":[{"href":"https:\/\/pressfile.de\/en\/wp-json\/wp\/v2\/types\/post"}],"author":[{"embeddable":true,"href":"https:\/\/pressfile.de\/en\/wp-json\/wp\/v2\/users\/2"}],"replies":[{"embeddable":true,"href":"https:\/\/pressfile.de\/en\/wp-json\/wp\/v2\/comments?post=3956"}],"version-history":[{"count":2,"href":"https:\/\/pressfile.de\/en\/wp-json\/wp\/v2\/posts\/3956\/revisions"}],"predecessor-version":[{"id":3959,"href":"https:\/\/pressfile.de\/en\/wp-json\/wp\/v2\/posts\/3956\/revisions\/3959"}],"wp:featuredmedia":[{"embeddable":true,"href":"https:\/\/pressfile.de\/en\/wp-json\/wp\/v2\/media\/3577"}],"wp:attachment":[{"href":"https:\/\/pressfile.de\/en\/wp-json\/wp\/v2\/media?parent=3956"}],"wp:term":[{"taxonomy":"category","embeddable":true,"href":"https:\/\/pressfile.de\/en\/wp-json\/wp\/v2\/categories?post=3956"},{"taxonomy":"post_tag","embeddable":true,"href":"https:\/\/pressfile.de\/en\/wp-json\/wp\/v2\/tags?post=3956"}],"curies":[{"name":"wp","href":"https:\/\/api.w.org\/{rel}","templated":true}]}}