{"id":3695,"date":"2010-06-22T16:27:48","date_gmt":"2010-06-22T14:27:48","guid":{"rendered":"https:\/\/pressfile.de\/distribution-management-for-professionals\/"},"modified":"2024-01-16T16:04:06","modified_gmt":"2024-01-16T15:04:06","slug":"distribution-management-for-professionals","status":"publish","type":"post","link":"https:\/\/pressfile.de\/en\/distribution-management-for-professionals\/","title":{"rendered":"Distribution management for professionals"},"content":{"rendered":"<p>[et_pb_section fb_built=&#8221;1&#8243; _builder_version=&#8221;3.22&#8243;][et_pb_row _builder_version=&#8221;3.25&#8243;][et_pb_column type=&#8221;4_4&#8243; _builder_version=&#8221;3.25&#8243; custom_padding=&#8221;|||&#8221; custom_padding__hover=&#8221;|||&#8221;][et_pb_text _builder_version=&#8221;4.4.3&#8243; hover_enabled=&#8221;0&#8243;]<\/p>\n<p>The regional energy service provider <a href=\"https:\/\/www.erdgas-schwaben.de\" target=\"_blank\" rel=\"noopener noreferrer\">erdgas schwaben gmbh<\/a> now relies on the PR industry solution PressFile for its press relations. In particular, the clarity and ease of use of the editorial system and in distribution management tipped the scales in favor of the decision &#8211; after the functionality already met with open ears right from the start.<\/p>\n<h2>Intuitive operation<\/h2>\n<blockquote>\n<p>&#8220;As a pure address management system, our previous system was no longer able to meet the requirements of a modern press office. PressFile provides us with PR-specific processes and documentation options that clearly facilitate our day-to-day work,&#8221; says Cornelia P. Benesch, Head of Media Communications at erdgas schwaben GmbH, explaining the change.<\/p>\n<\/blockquote>\n<p>Compared to other offerings, PressFile works so intuitively that three hours of training are sufficient for a comprehensive insight and enable professional handling. erdgas schwaben can now confirm that user-friendliness is by no means at the expense of functionality.<\/p>\n<h2>Simple distribution management<\/h2>\n<blockquote>\n<p>&#8220;With the new solution, we can mix several distribution lists together before sending a message, add additional contacts and also have the option of individual selection. Seconds are enough for the targeted compilation of the corresponding editorial contacts,&#8221; says Cornelia P. Benesch.<\/p>\n<\/blockquote>\n<p>erdgas schwaben gmbh is the regional energy service provider for the region of Swabia and neighboring parts of Upper Bavaria, with its headquarters in Augsburg. 260 employees at seven locations ensure optimum energy supply to public facilities and private households in currently 172 cities and municipalities via a supply network of almost 5,500 kilometers. Founded in 1952, the company focuses on individual service, state-of-the-art technology and sustainable environmental protection, and is an innovation leader in bio natural gas.<\/p>\n<p>[\/et_pb_text][\/et_pb_column][\/et_pb_row][\/et_pb_section]<\/p>\n","protected":false},"excerpt":{"rendered":"<p>The regional energy service provider erdgas schwaben gmbh now relies on the PR industry solution PressFile for its press relations. In particular, the clarity and ease of use of the editorial system and in distribution management tipped the scales in favor of the decision &#8211; after the functionality already met with open ears right from [&hellip;]<\/p>\n","protected":false},"author":2,"featured_media":0,"comment_status":"open","ping_status":"open","sticky":false,"template":"","format":"standard","meta":{"_et_pb_use_builder":"on","_et_pb_old_content":"","_et_gb_content_width":"","footnotes":""},"categories":[1302],"tags":[],"class_list":["post-3695","post","type-post","status-publish","format-standard","hentry","category-user"],"yoast_head":"<!-- This site is optimized with the Yoast SEO Premium plugin v27.5 (Yoast SEO v27.5) - https:\/\/yoast.com\/product\/yoast-seo-premium-wordpress\/ -->\n<title>Distribution management for professionals - PRESSFILE<\/title>\n<meta name=\"robots\" content=\"index, follow, max-snippet:-1, max-image-preview:large, max-video-preview:-1\" \/>\n<link rel=\"canonical\" href=\"https:\/\/pressfile.de\/en\/distribution-management-for-professionals\/\" \/>\n<meta property=\"og:locale\" content=\"en_US\" \/>\n<meta property=\"og:type\" content=\"article\" \/>\n<meta property=\"og:title\" content=\"Distribution management for professionals\" \/>\n<meta property=\"og:description\" content=\"The regional energy service provider erdgas schwaben gmbh now relies on the PR industry solution PressFile for its press relations. In particular, the clarity and ease of use of the editorial system and in distribution management tipped the scales in favor of the decision - after the functionality already met with open ears right from [&hellip;]\" \/>\n<meta property=\"og:url\" content=\"https:\/\/pressfile.de\/en\/distribution-management-for-professionals\/\" \/>\n<meta property=\"og:site_name\" content=\"PRESSFILE\" \/>\n<meta property=\"article:publisher\" content=\"https:\/\/www.facebook.com\/PressFile\/\" \/>\n<meta property=\"article:published_time\" content=\"2010-06-22T14:27:48+00:00\" \/>\n<meta property=\"article:modified_time\" content=\"2024-01-16T15:04:06+00:00\" \/>\n<meta name=\"author\" content=\"Uwe Pagel\" \/>\n<meta name=\"twitter:card\" content=\"summary_large_image\" \/>\n<meta name=\"twitter:label1\" content=\"Written by\" \/>\n\t<meta name=\"twitter:data1\" content=\"Uwe Pagel\" \/>\n\t<meta name=\"twitter:label2\" content=\"Est. reading time\" \/>\n\t<meta name=\"twitter:data2\" content=\"2 minutes\" \/>\n<script type=\"application\/ld+json\" class=\"yoast-schema-graph\">{\"@context\":\"https:\\\/\\\/schema.org\",\"@graph\":[{\"@type\":\"Article\",\"@id\":\"https:\\\/\\\/pressfile.de\\\/en\\\/distribution-management-for-professionals\\\/#article\",\"isPartOf\":{\"@id\":\"https:\\\/\\\/pressfile.de\\\/en\\\/distribution-management-for-professionals\\\/\"},\"author\":{\"name\":\"Uwe Pagel\",\"@id\":\"https:\\\/\\\/pressfile.de\\\/en\\\/#\\\/schema\\\/person\\\/412fd3b53dcdd1db64a39aadbb6fdb9f\"},\"headline\":\"Distribution management for professionals\",\"datePublished\":\"2010-06-22T14:27:48+00:00\",\"dateModified\":\"2024-01-16T15:04:06+00:00\",\"mainEntityOfPage\":{\"@id\":\"https:\\\/\\\/pressfile.de\\\/en\\\/distribution-management-for-professionals\\\/\"},\"wordCount\":315,\"commentCount\":0,\"publisher\":{\"@id\":\"https:\\\/\\\/pressfile.de\\\/en\\\/#organization\"},\"articleSection\":[\"User\"],\"inLanguage\":\"en-US\",\"potentialAction\":[{\"@type\":\"CommentAction\",\"name\":\"Comment\",\"target\":[\"https:\\\/\\\/pressfile.de\\\/en\\\/distribution-management-for-professionals\\\/#respond\"]}]},{\"@type\":\"WebPage\",\"@id\":\"https:\\\/\\\/pressfile.de\\\/en\\\/distribution-management-for-professionals\\\/\",\"url\":\"https:\\\/\\\/pressfile.de\\\/en\\\/distribution-management-for-professionals\\\/\",\"name\":\"Distribution management for professionals - PRESSFILE\",\"isPartOf\":{\"@id\":\"https:\\\/\\\/pressfile.de\\\/en\\\/#website\"},\"datePublished\":\"2010-06-22T14:27:48+00:00\",\"dateModified\":\"2024-01-16T15:04:06+00:00\",\"breadcrumb\":{\"@id\":\"https:\\\/\\\/pressfile.de\\\/en\\\/distribution-management-for-professionals\\\/#breadcrumb\"},\"inLanguage\":\"en-US\",\"potentialAction\":[{\"@type\":\"ReadAction\",\"target\":[\"https:\\\/\\\/pressfile.de\\\/en\\\/distribution-management-for-professionals\\\/\"]}]},{\"@type\":\"BreadcrumbList\",\"@id\":\"https:\\\/\\\/pressfile.de\\\/en\\\/distribution-management-for-professionals\\\/#breadcrumb\",\"itemListElement\":[{\"@type\":\"ListItem\",\"position\":1,\"name\":\"Startseite\",\"item\":\"https:\\\/\\\/pressfile.de\\\/en\\\/\"},{\"@type\":\"ListItem\",\"position\":2,\"name\":\"Distribution management for professionals\"}]},{\"@type\":\"WebSite\",\"@id\":\"https:\\\/\\\/pressfile.de\\\/en\\\/#website\",\"url\":\"https:\\\/\\\/pressfile.de\\\/en\\\/\",\"name\":\"PRESSFILE\",\"description\":\"Die wohl einfachste PR-Software der Welt\",\"publisher\":{\"@id\":\"https:\\\/\\\/pressfile.de\\\/en\\\/#organization\"},\"potentialAction\":[{\"@type\":\"SearchAction\",\"target\":{\"@type\":\"EntryPoint\",\"urlTemplate\":\"https:\\\/\\\/pressfile.de\\\/en\\\/?s={search_term_string}\"},\"query-input\":{\"@type\":\"PropertyValueSpecification\",\"valueRequired\":true,\"valueName\":\"search_term_string\"}}],\"inLanguage\":\"en-US\"},{\"@type\":\"Organization\",\"@id\":\"https:\\\/\\\/pressfile.de\\\/en\\\/#organization\",\"name\":\"PressFile\",\"url\":\"https:\\\/\\\/pressfile.de\\\/en\\\/\",\"logo\":{\"@type\":\"ImageObject\",\"inLanguage\":\"en-US\",\"@id\":\"https:\\\/\\\/pressfile.de\\\/en\\\/#\\\/schema\\\/logo\\\/image\\\/\",\"url\":\"https:\\\/\\\/pressfile.de\\\/wp-content\\\/uploads\\\/2022\\\/09\\\/PressFile_logo_07_2022_positiv_rz.png\",\"contentUrl\":\"https:\\\/\\\/pressfile.de\\\/wp-content\\\/uploads\\\/2022\\\/09\\\/PressFile_logo_07_2022_positiv_rz.png\",\"width\":2042,\"height\":808,\"caption\":\"PressFile\"},\"image\":{\"@id\":\"https:\\\/\\\/pressfile.de\\\/en\\\/#\\\/schema\\\/logo\\\/image\\\/\"},\"sameAs\":[\"https:\\\/\\\/www.facebook.com\\\/PressFile\\\/\",\"https:\\\/\\\/www.linkedin.com\\\/company\\\/pressfile-europe-gmbh\"]},{\"@type\":\"Person\",\"@id\":\"https:\\\/\\\/pressfile.de\\\/en\\\/#\\\/schema\\\/person\\\/412fd3b53dcdd1db64a39aadbb6fdb9f\",\"name\":\"Uwe Pagel\",\"description\":\"Uwe Pagel ist Gesch\u00e4ftsf\u00fchrer der PressFile Europe GmbH. Er startete seine Karriere zun\u00e4chst als Journalist, wurde dann verantwortlich f\u00fcr die Unternehmenskommunikation eines Softwareherstellers und gr\u00fcndete 2001 die PR-Agentur Press'n'Relations. Im gleichen Jahr wurde er zum Anwender der PR-Software PressFile, deren webbasierte Version seit 2009 von PressFile Europe vermarktet und weiterentwickelt wird.\",\"sameAs\":[\"https:\\\/\\\/pressfile.de\"]}]}<\/script>\n<!-- \/ Yoast SEO Premium plugin. -->","yoast_head_json":{"title":"Distribution management for professionals - PRESSFILE","robots":{"index":"index","follow":"follow","max-snippet":"max-snippet:-1","max-image-preview":"max-image-preview:large","max-video-preview":"max-video-preview:-1"},"canonical":"https:\/\/pressfile.de\/en\/distribution-management-for-professionals\/","og_locale":"en_US","og_type":"article","og_title":"Distribution management for professionals","og_description":"The regional energy service provider erdgas schwaben gmbh now relies on the PR industry solution PressFile for its press relations. In particular, the clarity and ease of use of the editorial system and in distribution management tipped the scales in favor of the decision - after the functionality already met with open ears right from [&hellip;]","og_url":"https:\/\/pressfile.de\/en\/distribution-management-for-professionals\/","og_site_name":"PRESSFILE","article_publisher":"https:\/\/www.facebook.com\/PressFile\/","article_published_time":"2010-06-22T14:27:48+00:00","article_modified_time":"2024-01-16T15:04:06+00:00","author":"Uwe Pagel","twitter_card":"summary_large_image","twitter_misc":{"Written by":"Uwe Pagel","Est. reading time":"2 minutes"},"schema":{"@context":"https:\/\/schema.org","@graph":[{"@type":"Article","@id":"https:\/\/pressfile.de\/en\/distribution-management-for-professionals\/#article","isPartOf":{"@id":"https:\/\/pressfile.de\/en\/distribution-management-for-professionals\/"},"author":{"name":"Uwe Pagel","@id":"https:\/\/pressfile.de\/en\/#\/schema\/person\/412fd3b53dcdd1db64a39aadbb6fdb9f"},"headline":"Distribution management for professionals","datePublished":"2010-06-22T14:27:48+00:00","dateModified":"2024-01-16T15:04:06+00:00","mainEntityOfPage":{"@id":"https:\/\/pressfile.de\/en\/distribution-management-for-professionals\/"},"wordCount":315,"commentCount":0,"publisher":{"@id":"https:\/\/pressfile.de\/en\/#organization"},"articleSection":["User"],"inLanguage":"en-US","potentialAction":[{"@type":"CommentAction","name":"Comment","target":["https:\/\/pressfile.de\/en\/distribution-management-for-professionals\/#respond"]}]},{"@type":"WebPage","@id":"https:\/\/pressfile.de\/en\/distribution-management-for-professionals\/","url":"https:\/\/pressfile.de\/en\/distribution-management-for-professionals\/","name":"Distribution management for professionals - PRESSFILE","isPartOf":{"@id":"https:\/\/pressfile.de\/en\/#website"},"datePublished":"2010-06-22T14:27:48+00:00","dateModified":"2024-01-16T15:04:06+00:00","breadcrumb":{"@id":"https:\/\/pressfile.de\/en\/distribution-management-for-professionals\/#breadcrumb"},"inLanguage":"en-US","potentialAction":[{"@type":"ReadAction","target":["https:\/\/pressfile.de\/en\/distribution-management-for-professionals\/"]}]},{"@type":"BreadcrumbList","@id":"https:\/\/pressfile.de\/en\/distribution-management-for-professionals\/#breadcrumb","itemListElement":[{"@type":"ListItem","position":1,"name":"Startseite","item":"https:\/\/pressfile.de\/en\/"},{"@type":"ListItem","position":2,"name":"Distribution management for professionals"}]},{"@type":"WebSite","@id":"https:\/\/pressfile.de\/en\/#website","url":"https:\/\/pressfile.de\/en\/","name":"PRESSFILE","description":"Die wohl einfachste PR-Software der Welt","publisher":{"@id":"https:\/\/pressfile.de\/en\/#organization"},"potentialAction":[{"@type":"SearchAction","target":{"@type":"EntryPoint","urlTemplate":"https:\/\/pressfile.de\/en\/?s={search_term_string}"},"query-input":{"@type":"PropertyValueSpecification","valueRequired":true,"valueName":"search_term_string"}}],"inLanguage":"en-US"},{"@type":"Organization","@id":"https:\/\/pressfile.de\/en\/#organization","name":"PressFile","url":"https:\/\/pressfile.de\/en\/","logo":{"@type":"ImageObject","inLanguage":"en-US","@id":"https:\/\/pressfile.de\/en\/#\/schema\/logo\/image\/","url":"https:\/\/pressfile.de\/wp-content\/uploads\/2022\/09\/PressFile_logo_07_2022_positiv_rz.png","contentUrl":"https:\/\/pressfile.de\/wp-content\/uploads\/2022\/09\/PressFile_logo_07_2022_positiv_rz.png","width":2042,"height":808,"caption":"PressFile"},"image":{"@id":"https:\/\/pressfile.de\/en\/#\/schema\/logo\/image\/"},"sameAs":["https:\/\/www.facebook.com\/PressFile\/","https:\/\/www.linkedin.com\/company\/pressfile-europe-gmbh"]},{"@type":"Person","@id":"https:\/\/pressfile.de\/en\/#\/schema\/person\/412fd3b53dcdd1db64a39aadbb6fdb9f","name":"Uwe Pagel","description":"Uwe Pagel ist Gesch\u00e4ftsf\u00fchrer der PressFile Europe GmbH. Er startete seine Karriere zun\u00e4chst als Journalist, wurde dann verantwortlich f\u00fcr die Unternehmenskommunikation eines Softwareherstellers und gr\u00fcndete 2001 die PR-Agentur Press'n'Relations. Im gleichen Jahr wurde er zum Anwender der PR-Software PressFile, deren webbasierte Version seit 2009 von PressFile Europe vermarktet und weiterentwickelt wird.","sameAs":["https:\/\/pressfile.de"]}]}},"_links":{"self":[{"href":"https:\/\/pressfile.de\/en\/wp-json\/wp\/v2\/posts\/3695","targetHints":{"allow":["GET"]}}],"collection":[{"href":"https:\/\/pressfile.de\/en\/wp-json\/wp\/v2\/posts"}],"about":[{"href":"https:\/\/pressfile.de\/en\/wp-json\/wp\/v2\/types\/post"}],"author":[{"embeddable":true,"href":"https:\/\/pressfile.de\/en\/wp-json\/wp\/v2\/users\/2"}],"replies":[{"embeddable":true,"href":"https:\/\/pressfile.de\/en\/wp-json\/wp\/v2\/comments?post=3695"}],"version-history":[{"count":13,"href":"https:\/\/pressfile.de\/en\/wp-json\/wp\/v2\/posts\/3695\/revisions"}],"predecessor-version":[{"id":4276,"href":"https:\/\/pressfile.de\/en\/wp-json\/wp\/v2\/posts\/3695\/revisions\/4276"}],"wp:attachment":[{"href":"https:\/\/pressfile.de\/en\/wp-json\/wp\/v2\/media?parent=3695"}],"wp:term":[{"taxonomy":"category","embeddable":true,"href":"https:\/\/pressfile.de\/en\/wp-json\/wp\/v2\/categories?post=3695"},{"taxonomy":"post_tag","embeddable":true,"href":"https:\/\/pressfile.de\/en\/wp-json\/wp\/v2\/tags?post=3695"}],"curies":[{"name":"wp","href":"https:\/\/api.w.org\/{rel}","templated":true}]}}